{"id":4233,"date":"2016-10-18T22:46:32","date_gmt":"2016-10-18T22:46:32","guid":{"rendered":"https:\/\/ciie.itesm.mx\/es\/?p=4233"},"modified":"2016-10-21T17:23:34","modified_gmt":"2016-10-21T17:23:34","slug":"magdalena-merbilhaa-directora-asociada-del-grupo-de-investigacion-en-educacion-imaginativa-en-la-universidad-simon-fraser-en-canada-y-directora-de-red-cultural-en-la-universidad-finis-terrae-en-chile","status":"publish","type":"post","link":"https:\/\/ciie.itesm.mx\/en\/espanol-magdalena-merbilhaa-directora-asociada-del-grupo-de-investigacion-en-educacion-imaginativa-en-la-universidad-simon-fraser-en-canada-y-directora-de-red-cultural-en-la-universidad-finis-terra\/","title":{"rendered":"(Espa\u00f1ol) Magdalena Merbilh\u00e1a, Directora Asociada del Grupo de Investigaci\u00f3n en Educaci\u00f3n Imaginativa"},"content":{"rendered":"<p class=\"qtranxs-available-languages-message qtranxs-available-languages-message-en\">Sorry, this entry is only available in <a href=\"https:\/\/ciie.itesm.mx\/es\/wp-json\/wp\/v2\/posts\/4233\" class=\"qtranxs-available-language-link qtranxs-available-language-link-es\" title=\"Espa\u00f1ol\">Espa\u00f1ol<\/a>.<\/p>","protected":false},"excerpt":{"rendered":"<p>Sorry, this entry is only available in Espa\u00f1ol.<\/p>\n","protected":false},"author":1,"featured_media":4225,"comment_status":"open","ping_status":"open","sticky":false,"template":"","format":"standard","meta":{"footnotes":""},"categories":[77],"tags":[],"class_list":["post-4233","post","type-post","status-publish","format-standard","has-post-thumbnail","hentry","category-conferencistas2016"],"yoast_head":"<!-- This site is optimized with the Yoast SEO plugin v27.5 - https:\/\/yoast.com\/product\/yoast-seo-wordpress\/ -->\n<title>(Espa\u00f1ol) Magdalena Merbilh\u00e1a, Directora Asociada del Grupo de Investigaci\u00f3n en Educaci\u00f3n Imaginativa - IFE Conference<\/title>\n<meta name=\"robots\" content=\"index, follow, max-snippet:-1, max-image-preview:large, max-video-preview:-1\" \/>\n<link rel=\"canonical\" href=\"https:\/\/ciie.itesm.mx\/es\/magdalena-merbilhaa-directora-asociada-del-grupo-de-investigacion-en-educacion-imaginativa-en-la-universidad-simon-fraser-en-canada-y-directora-de-red-cultural-en-la-universidad-finis-terrae-en-chile\/\" \/>\n<meta property=\"og:locale\" content=\"en_US\" \/>\n<meta property=\"og:type\" content=\"article\" \/>\n<meta property=\"og:title\" content=\"(Espa\u00f1ol) Magdalena Merbilh\u00e1a, Directora Asociada del Grupo de Investigaci\u00f3n en Educaci\u00f3n Imaginativa - IFE Conference\" \/>\n<meta property=\"og:description\" content=\"Sorry, this entry is only available in Espa\u00f1ol.\" \/>\n<meta property=\"og:url\" content=\"https:\/\/ciie.itesm.mx\/es\/magdalena-merbilhaa-directora-asociada-del-grupo-de-investigacion-en-educacion-imaginativa-en-la-universidad-simon-fraser-en-canada-y-directora-de-red-cultural-en-la-universidad-finis-terrae-en-chile\/\" \/>\n<meta property=\"og:site_name\" content=\"IFE Conference\" \/>\n<meta property=\"article:published_time\" content=\"2016-10-18T22:46:32+00:00\" \/>\n<meta property=\"article:modified_time\" content=\"2016-10-21T17:23:34+00:00\" \/>\n<meta property=\"og:image\" content=\"https:\/\/ciie.itesm.mx\/wp-content\/uploads\/2016\/10\/Conferencias_Merbilha\u00e1.jpg\" \/>\n\t<meta property=\"og:image:width\" content=\"1200\" \/>\n\t<meta property=\"og:image:height\" content=\"700\" \/>\n\t<meta property=\"og:image:type\" content=\"image\/jpeg\" \/>\n<meta name=\"author\" content=\"Adminwpciie\" \/>\n<meta name=\"twitter:card\" content=\"summary_large_image\" \/>\n<meta name=\"twitter:label1\" content=\"Written by\" \/>\n\t<meta name=\"twitter:data1\" content=\"Adminwpciie\" \/>\n<script type=\"application\/ld+json\" class=\"yoast-schema-graph\">{\"@context\":\"https:\\\/\\\/schema.org\",\"@graph\":[{\"@type\":\"Article\",\"@id\":\"https:\\\/\\\/ciie.itesm.mx\\\/es\\\/magdalena-merbilhaa-directora-asociada-del-grupo-de-investigacion-en-educacion-imaginativa-en-la-universidad-simon-fraser-en-canada-y-directora-de-red-cultural-en-la-universidad-finis-terrae-en-chile\\\/#article\",\"isPartOf\":{\"@id\":\"https:\\\/\\\/ciie.itesm.mx\\\/es\\\/magdalena-merbilhaa-directora-asociada-del-grupo-de-investigacion-en-educacion-imaginativa-en-la-universidad-simon-fraser-en-canada-y-directora-de-red-cultural-en-la-universidad-finis-terrae-en-chile\\\/\"},\"author\":{\"name\":\"Adminwpciie\",\"@id\":\"https:\\\/\\\/ciie.itesm.mx\\\/en\\\/#\\\/schema\\\/person\\\/d4ea9c68050c82e9d36a519490d1143e\"},\"headline\":\"(Espa\u00f1ol) Magdalena Merbilh\u00e1a, Directora Asociada del Grupo de Investigaci\u00f3n en Educaci\u00f3n Imaginativa\",\"datePublished\":\"2016-10-18T22:46:32+00:00\",\"dateModified\":\"2016-10-21T17:23:34+00:00\",\"mainEntityOfPage\":{\"@id\":\"https:\\\/\\\/ciie.itesm.mx\\\/es\\\/magdalena-merbilhaa-directora-asociada-del-grupo-de-investigacion-en-educacion-imaginativa-en-la-universidad-simon-fraser-en-canada-y-directora-de-red-cultural-en-la-universidad-finis-terrae-en-chile\\\/\"},\"wordCount\":89,\"commentCount\":0,\"image\":{\"@id\":\"https:\\\/\\\/ciie.itesm.mx\\\/es\\\/magdalena-merbilhaa-directora-asociada-del-grupo-de-investigacion-en-educacion-imaginativa-en-la-universidad-simon-fraser-en-canada-y-directora-de-red-cultural-en-la-universidad-finis-terrae-en-chile\\\/#primaryimage\"},\"thumbnailUrl\":\"https:\\\/\\\/ciie.itesm.mx\\\/wp-content\\\/uploads\\\/2016\\\/10\\\/Conferencias_Merbilha\u00e1.jpg\",\"articleSection\":[\"Conferencistas2016\"],\"inLanguage\":\"en-US\",\"potentialAction\":[{\"@type\":\"CommentAction\",\"name\":\"Comment\",\"target\":[\"https:\\\/\\\/ciie.itesm.mx\\\/es\\\/magdalena-merbilhaa-directora-asociada-del-grupo-de-investigacion-en-educacion-imaginativa-en-la-universidad-simon-fraser-en-canada-y-directora-de-red-cultural-en-la-universidad-finis-terrae-en-chile\\\/#respond\"]}]},{\"@type\":\"WebPage\",\"@id\":\"https:\\\/\\\/ciie.itesm.mx\\\/es\\\/magdalena-merbilhaa-directora-asociada-del-grupo-de-investigacion-en-educacion-imaginativa-en-la-universidad-simon-fraser-en-canada-y-directora-de-red-cultural-en-la-universidad-finis-terrae-en-chile\\\/\",\"url\":\"https:\\\/\\\/ciie.itesm.mx\\\/es\\\/magdalena-merbilhaa-directora-asociada-del-grupo-de-investigacion-en-educacion-imaginativa-en-la-universidad-simon-fraser-en-canada-y-directora-de-red-cultural-en-la-universidad-finis-terrae-en-chile\\\/\",\"name\":\"(Espa\u00f1ol) Magdalena Merbilh\u00e1a, Directora Asociada del Grupo de Investigaci\u00f3n en Educaci\u00f3n Imaginativa - IFE Conference\",\"isPartOf\":{\"@id\":\"https:\\\/\\\/ciie.itesm.mx\\\/en\\\/#website\"},\"primaryImageOfPage\":{\"@id\":\"https:\\\/\\\/ciie.itesm.mx\\\/es\\\/magdalena-merbilhaa-directora-asociada-del-grupo-de-investigacion-en-educacion-imaginativa-en-la-universidad-simon-fraser-en-canada-y-directora-de-red-cultural-en-la-universidad-finis-terrae-en-chile\\\/#primaryimage\"},\"image\":{\"@id\":\"https:\\\/\\\/ciie.itesm.mx\\\/es\\\/magdalena-merbilhaa-directora-asociada-del-grupo-de-investigacion-en-educacion-imaginativa-en-la-universidad-simon-fraser-en-canada-y-directora-de-red-cultural-en-la-universidad-finis-terrae-en-chile\\\/#primaryimage\"},\"thumbnailUrl\":\"https:\\\/\\\/ciie.itesm.mx\\\/wp-content\\\/uploads\\\/2016\\\/10\\\/Conferencias_Merbilha\u00e1.jpg\",\"datePublished\":\"2016-10-18T22:46:32+00:00\",\"dateModified\":\"2016-10-21T17:23:34+00:00\",\"author\":{\"@id\":\"https:\\\/\\\/ciie.itesm.mx\\\/en\\\/#\\\/schema\\\/person\\\/d4ea9c68050c82e9d36a519490d1143e\"},\"breadcrumb\":{\"@id\":\"https:\\\/\\\/ciie.itesm.mx\\\/es\\\/magdalena-merbilhaa-directora-asociada-del-grupo-de-investigacion-en-educacion-imaginativa-en-la-universidad-simon-fraser-en-canada-y-directora-de-red-cultural-en-la-universidad-finis-terrae-en-chile\\\/#breadcrumb\"},\"inLanguage\":\"en-US\",\"potentialAction\":[{\"@type\":\"ReadAction\",\"target\":[\"https:\\\/\\\/ciie.itesm.mx\\\/es\\\/magdalena-merbilhaa-directora-asociada-del-grupo-de-investigacion-en-educacion-imaginativa-en-la-universidad-simon-fraser-en-canada-y-directora-de-red-cultural-en-la-universidad-finis-terrae-en-chile\\\/\"]}]},{\"@type\":\"ImageObject\",\"inLanguage\":\"en-US\",\"@id\":\"https:\\\/\\\/ciie.itesm.mx\\\/es\\\/magdalena-merbilhaa-directora-asociada-del-grupo-de-investigacion-en-educacion-imaginativa-en-la-universidad-simon-fraser-en-canada-y-directora-de-red-cultural-en-la-universidad-finis-terrae-en-chile\\\/#primaryimage\",\"url\":\"https:\\\/\\\/ciie.itesm.mx\\\/wp-content\\\/uploads\\\/2016\\\/10\\\/Conferencias_Merbilha\u00e1.jpg\",\"contentUrl\":\"https:\\\/\\\/ciie.itesm.mx\\\/wp-content\\\/uploads\\\/2016\\\/10\\\/Conferencias_Merbilha\u00e1.jpg\",\"width\":1200,\"height\":700},{\"@type\":\"BreadcrumbList\",\"@id\":\"https:\\\/\\\/ciie.itesm.mx\\\/es\\\/magdalena-merbilhaa-directora-asociada-del-grupo-de-investigacion-en-educacion-imaginativa-en-la-universidad-simon-fraser-en-canada-y-directora-de-red-cultural-en-la-universidad-finis-terrae-en-chile\\\/#breadcrumb\",\"itemListElement\":[{\"@type\":\"ListItem\",\"position\":1,\"name\":\"Portada\",\"item\":\"https:\\\/\\\/ciie.itesm.mx\\\/es\\\/\"},{\"@type\":\"ListItem\",\"position\":2,\"name\":\"Magdalena Merbilh\u00e1a, Directora Asociada del Grupo de Investigaci\u00f3n en Educaci\u00f3n Imaginativa\"}]},{\"@type\":\"WebSite\",\"@id\":\"https:\\\/\\\/ciie.itesm.mx\\\/en\\\/#website\",\"url\":\"https:\\\/\\\/ciie.itesm.mx\\\/en\\\/\",\"name\":\"IFE Conference\",\"description\":\"IFE Conference, antes CIIE, del 28 al 30 de enero de 2025 en el Tecnol\u00f3gico de Monterrey, en Monterrey, M\u00e9xico\",\"potentialAction\":[{\"@type\":\"SearchAction\",\"target\":{\"@type\":\"EntryPoint\",\"urlTemplate\":\"https:\\\/\\\/ciie.itesm.mx\\\/en\\\/?s={search_term_string}\"},\"query-input\":{\"@type\":\"PropertyValueSpecification\",\"valueRequired\":true,\"valueName\":\"search_term_string\"}}],\"inLanguage\":\"en-US\"},{\"@type\":\"Person\",\"@id\":\"https:\\\/\\\/ciie.itesm.mx\\\/en\\\/#\\\/schema\\\/person\\\/d4ea9c68050c82e9d36a519490d1143e\",\"name\":\"Adminwpciie\",\"image\":{\"@type\":\"ImageObject\",\"inLanguage\":\"en-US\",\"@id\":\"https:\\\/\\\/secure.gravatar.com\\\/avatar\\\/67a8765a7f304877c84fc6bc9f8947aef520587e7dc8f4df4c71b060f2beb1e9?s=96&d=mm&r=g\",\"url\":\"https:\\\/\\\/secure.gravatar.com\\\/avatar\\\/67a8765a7f304877c84fc6bc9f8947aef520587e7dc8f4df4c71b060f2beb1e9?s=96&d=mm&r=g\",\"contentUrl\":\"https:\\\/\\\/secure.gravatar.com\\\/avatar\\\/67a8765a7f304877c84fc6bc9f8947aef520587e7dc8f4df4c71b060f2beb1e9?s=96&d=mm&r=g\",\"caption\":\"Adminwpciie\"},\"url\":\"https:\\\/\\\/ciie.itesm.mx\\\/en\\\/author\\\/adminwpciie\\\/\"}]}<\/script>\n<!-- \/ Yoast SEO plugin. -->","yoast_head_json":{"title":"(Espa\u00f1ol) Magdalena Merbilh\u00e1a, Directora Asociada del Grupo de Investigaci\u00f3n en Educaci\u00f3n Imaginativa - IFE Conference","robots":{"index":"index","follow":"follow","max-snippet":"max-snippet:-1","max-image-preview":"max-image-preview:large","max-video-preview":"max-video-preview:-1"},"canonical":"https:\/\/ciie.itesm.mx\/es\/magdalena-merbilhaa-directora-asociada-del-grupo-de-investigacion-en-educacion-imaginativa-en-la-universidad-simon-fraser-en-canada-y-directora-de-red-cultural-en-la-universidad-finis-terrae-en-chile\/","og_locale":"en_US","og_type":"article","og_title":"(Espa\u00f1ol) Magdalena Merbilh\u00e1a, Directora Asociada del Grupo de Investigaci\u00f3n en Educaci\u00f3n Imaginativa - IFE Conference","og_description":"Sorry, this entry is only available in Espa\u00f1ol.","og_url":"https:\/\/ciie.itesm.mx\/es\/magdalena-merbilhaa-directora-asociada-del-grupo-de-investigacion-en-educacion-imaginativa-en-la-universidad-simon-fraser-en-canada-y-directora-de-red-cultural-en-la-universidad-finis-terrae-en-chile\/","og_site_name":"IFE Conference","article_published_time":"2016-10-18T22:46:32+00:00","article_modified_time":"2016-10-21T17:23:34+00:00","og_image":[{"width":1200,"height":700,"url":"https:\/\/ciie.itesm.mx\/wp-content\/uploads\/2016\/10\/Conferencias_Merbilha\u00e1.jpg","type":"image\/jpeg"}],"author":"Adminwpciie","twitter_card":"summary_large_image","twitter_misc":{"Written by":"Adminwpciie"},"schema":{"@context":"https:\/\/schema.org","@graph":[{"@type":"Article","@id":"https:\/\/ciie.itesm.mx\/es\/magdalena-merbilhaa-directora-asociada-del-grupo-de-investigacion-en-educacion-imaginativa-en-la-universidad-simon-fraser-en-canada-y-directora-de-red-cultural-en-la-universidad-finis-terrae-en-chile\/#article","isPartOf":{"@id":"https:\/\/ciie.itesm.mx\/es\/magdalena-merbilhaa-directora-asociada-del-grupo-de-investigacion-en-educacion-imaginativa-en-la-universidad-simon-fraser-en-canada-y-directora-de-red-cultural-en-la-universidad-finis-terrae-en-chile\/"},"author":{"name":"Adminwpciie","@id":"https:\/\/ciie.itesm.mx\/en\/#\/schema\/person\/d4ea9c68050c82e9d36a519490d1143e"},"headline":"(Espa\u00f1ol) Magdalena Merbilh\u00e1a, Directora Asociada del Grupo de Investigaci\u00f3n en Educaci\u00f3n Imaginativa","datePublished":"2016-10-18T22:46:32+00:00","dateModified":"2016-10-21T17:23:34+00:00","mainEntityOfPage":{"@id":"https:\/\/ciie.itesm.mx\/es\/magdalena-merbilhaa-directora-asociada-del-grupo-de-investigacion-en-educacion-imaginativa-en-la-universidad-simon-fraser-en-canada-y-directora-de-red-cultural-en-la-universidad-finis-terrae-en-chile\/"},"wordCount":89,"commentCount":0,"image":{"@id":"https:\/\/ciie.itesm.mx\/es\/magdalena-merbilhaa-directora-asociada-del-grupo-de-investigacion-en-educacion-imaginativa-en-la-universidad-simon-fraser-en-canada-y-directora-de-red-cultural-en-la-universidad-finis-terrae-en-chile\/#primaryimage"},"thumbnailUrl":"https:\/\/ciie.itesm.mx\/wp-content\/uploads\/2016\/10\/Conferencias_Merbilha\u00e1.jpg","articleSection":["Conferencistas2016"],"inLanguage":"en-US","potentialAction":[{"@type":"CommentAction","name":"Comment","target":["https:\/\/ciie.itesm.mx\/es\/magdalena-merbilhaa-directora-asociada-del-grupo-de-investigacion-en-educacion-imaginativa-en-la-universidad-simon-fraser-en-canada-y-directora-de-red-cultural-en-la-universidad-finis-terrae-en-chile\/#respond"]}]},{"@type":"WebPage","@id":"https:\/\/ciie.itesm.mx\/es\/magdalena-merbilhaa-directora-asociada-del-grupo-de-investigacion-en-educacion-imaginativa-en-la-universidad-simon-fraser-en-canada-y-directora-de-red-cultural-en-la-universidad-finis-terrae-en-chile\/","url":"https:\/\/ciie.itesm.mx\/es\/magdalena-merbilhaa-directora-asociada-del-grupo-de-investigacion-en-educacion-imaginativa-en-la-universidad-simon-fraser-en-canada-y-directora-de-red-cultural-en-la-universidad-finis-terrae-en-chile\/","name":"(Espa\u00f1ol) Magdalena Merbilh\u00e1a, Directora Asociada del Grupo de Investigaci\u00f3n en Educaci\u00f3n Imaginativa - IFE Conference","isPartOf":{"@id":"https:\/\/ciie.itesm.mx\/en\/#website"},"primaryImageOfPage":{"@id":"https:\/\/ciie.itesm.mx\/es\/magdalena-merbilhaa-directora-asociada-del-grupo-de-investigacion-en-educacion-imaginativa-en-la-universidad-simon-fraser-en-canada-y-directora-de-red-cultural-en-la-universidad-finis-terrae-en-chile\/#primaryimage"},"image":{"@id":"https:\/\/ciie.itesm.mx\/es\/magdalena-merbilhaa-directora-asociada-del-grupo-de-investigacion-en-educacion-imaginativa-en-la-universidad-simon-fraser-en-canada-y-directora-de-red-cultural-en-la-universidad-finis-terrae-en-chile\/#primaryimage"},"thumbnailUrl":"https:\/\/ciie.itesm.mx\/wp-content\/uploads\/2016\/10\/Conferencias_Merbilha\u00e1.jpg","datePublished":"2016-10-18T22:46:32+00:00","dateModified":"2016-10-21T17:23:34+00:00","author":{"@id":"https:\/\/ciie.itesm.mx\/en\/#\/schema\/person\/d4ea9c68050c82e9d36a519490d1143e"},"breadcrumb":{"@id":"https:\/\/ciie.itesm.mx\/es\/magdalena-merbilhaa-directora-asociada-del-grupo-de-investigacion-en-educacion-imaginativa-en-la-universidad-simon-fraser-en-canada-y-directora-de-red-cultural-en-la-universidad-finis-terrae-en-chile\/#breadcrumb"},"inLanguage":"en-US","potentialAction":[{"@type":"ReadAction","target":["https:\/\/ciie.itesm.mx\/es\/magdalena-merbilhaa-directora-asociada-del-grupo-de-investigacion-en-educacion-imaginativa-en-la-universidad-simon-fraser-en-canada-y-directora-de-red-cultural-en-la-universidad-finis-terrae-en-chile\/"]}]},{"@type":"ImageObject","inLanguage":"en-US","@id":"https:\/\/ciie.itesm.mx\/es\/magdalena-merbilhaa-directora-asociada-del-grupo-de-investigacion-en-educacion-imaginativa-en-la-universidad-simon-fraser-en-canada-y-directora-de-red-cultural-en-la-universidad-finis-terrae-en-chile\/#primaryimage","url":"https:\/\/ciie.itesm.mx\/wp-content\/uploads\/2016\/10\/Conferencias_Merbilha\u00e1.jpg","contentUrl":"https:\/\/ciie.itesm.mx\/wp-content\/uploads\/2016\/10\/Conferencias_Merbilha\u00e1.jpg","width":1200,"height":700},{"@type":"BreadcrumbList","@id":"https:\/\/ciie.itesm.mx\/es\/magdalena-merbilhaa-directora-asociada-del-grupo-de-investigacion-en-educacion-imaginativa-en-la-universidad-simon-fraser-en-canada-y-directora-de-red-cultural-en-la-universidad-finis-terrae-en-chile\/#breadcrumb","itemListElement":[{"@type":"ListItem","position":1,"name":"Portada","item":"https:\/\/ciie.itesm.mx\/es\/"},{"@type":"ListItem","position":2,"name":"Magdalena Merbilh\u00e1a, Directora Asociada del Grupo de Investigaci\u00f3n en Educaci\u00f3n Imaginativa"}]},{"@type":"WebSite","@id":"https:\/\/ciie.itesm.mx\/en\/#website","url":"https:\/\/ciie.itesm.mx\/en\/","name":"IFE Conference","description":"IFE Conference, antes CIIE, del 28 al 30 de enero de 2025 en el Tecnol\u00f3gico de Monterrey, en Monterrey, M\u00e9xico","potentialAction":[{"@type":"SearchAction","target":{"@type":"EntryPoint","urlTemplate":"https:\/\/ciie.itesm.mx\/en\/?s={search_term_string}"},"query-input":{"@type":"PropertyValueSpecification","valueRequired":true,"valueName":"search_term_string"}}],"inLanguage":"en-US"},{"@type":"Person","@id":"https:\/\/ciie.itesm.mx\/en\/#\/schema\/person\/d4ea9c68050c82e9d36a519490d1143e","name":"Adminwpciie","image":{"@type":"ImageObject","inLanguage":"en-US","@id":"https:\/\/secure.gravatar.com\/avatar\/67a8765a7f304877c84fc6bc9f8947aef520587e7dc8f4df4c71b060f2beb1e9?s=96&d=mm&r=g","url":"https:\/\/secure.gravatar.com\/avatar\/67a8765a7f304877c84fc6bc9f8947aef520587e7dc8f4df4c71b060f2beb1e9?s=96&d=mm&r=g","contentUrl":"https:\/\/secure.gravatar.com\/avatar\/67a8765a7f304877c84fc6bc9f8947aef520587e7dc8f4df4c71b060f2beb1e9?s=96&d=mm&r=g","caption":"Adminwpciie"},"url":"https:\/\/ciie.itesm.mx\/en\/author\/adminwpciie\/"}]}},"_links":{"self":[{"href":"https:\/\/ciie.itesm.mx\/en\/wp-json\/wp\/v2\/posts\/4233","targetHints":{"allow":["GET"]}}],"collection":[{"href":"https:\/\/ciie.itesm.mx\/en\/wp-json\/wp\/v2\/posts"}],"about":[{"href":"https:\/\/ciie.itesm.mx\/en\/wp-json\/wp\/v2\/types\/post"}],"author":[{"embeddable":true,"href":"https:\/\/ciie.itesm.mx\/en\/wp-json\/wp\/v2\/users\/1"}],"replies":[{"embeddable":true,"href":"https:\/\/ciie.itesm.mx\/en\/wp-json\/wp\/v2\/comments?post=4233"}],"version-history":[{"count":0,"href":"https:\/\/ciie.itesm.mx\/en\/wp-json\/wp\/v2\/posts\/4233\/revisions"}],"wp:featuredmedia":[{"embeddable":true,"href":"https:\/\/ciie.itesm.mx\/en\/wp-json\/wp\/v2\/media\/4225"}],"wp:attachment":[{"href":"https:\/\/ciie.itesm.mx\/en\/wp-json\/wp\/v2\/media?parent=4233"}],"wp:term":[{"taxonomy":"category","embeddable":true,"href":"https:\/\/ciie.itesm.mx\/en\/wp-json\/wp\/v2\/categories?post=4233"},{"taxonomy":"post_tag","embeddable":true,"href":"https:\/\/ciie.itesm.mx\/en\/wp-json\/wp\/v2\/tags?post=4233"}],"curies":[{"name":"wp","href":"https:\/\/api.w.org\/{rel}","templated":true}]}}