{"id":4231,"date":"2016-10-18T22:45:20","date_gmt":"2016-10-18T22:45:20","guid":{"rendered":"https:\/\/ciie.itesm.mx\/es\/?p=4231"},"modified":"2016-10-21T17:33:25","modified_gmt":"2016-10-21T17:33:25","slug":"rosan-bosch-artista-holandesa-especialista-en-diseno-y-desarrollo-de-espacios-innovadores-para-el-aprendizaje","status":"publish","type":"post","link":"https:\/\/ciie.itesm.mx\/es\/rosan-bosch-artista-holandesa-especialista-en-diseno-y-desarrollo-de-espacios-innovadores-para-el-aprendizaje\/","title":{"rendered":"Rosan Bosch, Artista holandesa, especialista en dise\u00f1o y desarrollo de espacios innovadores para el aprendizaje"},"content":{"rendered":"<p><\/p>\n<h4><span style=\"font-weight: 400;\">Rosan Bosch Studio fue fundado por Rosan Bosch, quien ha dedicado su labor profesional al arte, el dise\u00f1o y la arquitectura durante m\u00e1s de veinte a\u00f1os. A trav\u00e9s de proyectos interdisciplinares, Rosan Bosch utiliza su creatividad como una herramienta para el cambio y la innovaci\u00f3n. Se cuestiona culturas y tradiciones arraigadas y crea nuevas opciones en los modos de pensar y actuar: Bosch considera que utilizando el dise\u00f1o como una herramienta es posible convertir los entornos f\u00edsicos en experiencias significativas e importantes que nos preparar\u00e1n para los desaf\u00edos del futuro.<\/span><\/h4>\n<h4><span style=\"font-weight: 400;\">Rosan Bosch ha tenido una formaci\u00f3n internacional que le ha permitido potenciar su labor profesional. Curs\u00f3 parte de sus estudios en la Hogeschool voor de Kunsten, Utrecht, Holanda y parte en la Universitat de Bellas Artes, Barcelona, Espa\u00f1a.<\/span><\/h4>\n<p>  <\/p>","protected":false},"excerpt":{"rendered":"<p>Rosan Bosch Studio fue fundado por Rosan Bosch, quien ha dedicado su labor profesional al arte, el dise\u00f1o y la arquitectura durante m\u00e1s de veinte a\u00f1os. A trav\u00e9s de proyectos interdisciplinares, Rosan Bosch utiliza su creatividad como una herramienta para el cambio<\/p>\n","protected":false},"author":1,"featured_media":4227,"comment_status":"open","ping_status":"open","sticky":false,"template":"","format":"standard","meta":{"footnotes":""},"categories":[77],"tags":[],"class_list":["post-4231","post","type-post","status-publish","format-standard","has-post-thumbnail","hentry","category-conferencistas2016"],"yoast_head":"<!-- This site is optimized with the Yoast SEO plugin v27.5 - https:\/\/yoast.com\/product\/yoast-seo-wordpress\/ -->\n<title>Rosan Bosch, Artista holandesa, especialista en dise\u00f1o y desarrollo de espacios innovadores para el aprendizaje - IFE Conferece<\/title>\n<meta name=\"robots\" content=\"index, follow, max-snippet:-1, max-image-preview:large, max-video-preview:-1\" \/>\n<link rel=\"canonical\" href=\"https:\/\/ciie.itesm.mx\/en\/espanol-rosan-bosch-artista-holandesa-especialista-en-diseno-y-desarrollo-de-espacios-innovadores-para-el-aprendizaje\/\" \/>\n<meta property=\"og:locale\" content=\"es_ES\" \/>\n<meta property=\"og:type\" content=\"article\" \/>\n<meta property=\"og:title\" content=\"Rosan Bosch, Artista holandesa, especialista en dise\u00f1o y desarrollo de espacios innovadores para el aprendizaje - IFE Conferece\" \/>\n<meta property=\"og:description\" content=\"Rosan Bosch Studio fue fundado por Rosan Bosch, quien ha dedicado su labor profesional al arte, el dise\u00f1o y la arquitectura durante m\u00e1s de veinte a\u00f1os. A trav\u00e9s de proyectos interdisciplinares, Rosan Bosch utiliza su creatividad como una herramienta para el cambio\" \/>\n<meta property=\"og:url\" content=\"https:\/\/ciie.itesm.mx\/en\/espanol-rosan-bosch-artista-holandesa-especialista-en-diseno-y-desarrollo-de-espacios-innovadores-para-el-aprendizaje\/\" \/>\n<meta property=\"og:site_name\" content=\"IFE Conferece\" \/>\n<meta property=\"article:published_time\" content=\"2016-10-18T22:45:20+00:00\" \/>\n<meta property=\"article:modified_time\" content=\"2016-10-21T17:33:25+00:00\" \/>\n<meta property=\"og:image\" content=\"https:\/\/ciie.itesm.mx\/wp-content\/uploads\/2016\/10\/Conferencias_Rosen-Bosch.jpg\" \/>\n\t<meta property=\"og:image:width\" content=\"1200\" \/>\n\t<meta property=\"og:image:height\" content=\"700\" \/>\n\t<meta property=\"og:image:type\" content=\"image\/jpeg\" \/>\n<meta name=\"author\" content=\"Adminwpciie\" \/>\n<meta name=\"twitter:card\" content=\"summary_large_image\" \/>\n<meta name=\"twitter:label1\" content=\"Escrito por\" \/>\n\t<meta name=\"twitter:data1\" content=\"Adminwpciie\" \/>\n\t<meta name=\"twitter:label2\" content=\"Tiempo de lectura\" \/>\n\t<meta name=\"twitter:data2\" content=\"1 minuto\" \/>\n<script type=\"application\/ld+json\" class=\"yoast-schema-graph\">{\"@context\":\"https:\\\/\\\/schema.org\",\"@graph\":[{\"@type\":\"Article\",\"@id\":\"https:\\\/\\\/ciie.itesm.mx\\\/en\\\/espanol-rosan-bosch-artista-holandesa-especialista-en-diseno-y-desarrollo-de-espacios-innovadores-para-el-aprendizaje\\\/#article\",\"isPartOf\":{\"@id\":\"https:\\\/\\\/ciie.itesm.mx\\\/en\\\/espanol-rosan-bosch-artista-holandesa-especialista-en-diseno-y-desarrollo-de-espacios-innovadores-para-el-aprendizaje\\\/\"},\"author\":{\"name\":\"Adminwpciie\",\"@id\":\"https:\\\/\\\/ciie.itesm.mx\\\/en\\\/#\\\/schema\\\/person\\\/d4ea9c68050c82e9d36a519490d1143e\"},\"headline\":\"Rosan Bosch, Artista holandesa, especialista en dise\u00f1o y desarrollo de espacios innovadores para el aprendizaje\",\"datePublished\":\"2016-10-18T22:45:20+00:00\",\"dateModified\":\"2016-10-21T17:33:25+00:00\",\"mainEntityOfPage\":{\"@id\":\"https:\\\/\\\/ciie.itesm.mx\\\/en\\\/espanol-rosan-bosch-artista-holandesa-especialista-en-diseno-y-desarrollo-de-espacios-innovadores-para-el-aprendizaje\\\/\"},\"wordCount\":157,\"commentCount\":1,\"image\":{\"@id\":\"https:\\\/\\\/ciie.itesm.mx\\\/en\\\/espanol-rosan-bosch-artista-holandesa-especialista-en-diseno-y-desarrollo-de-espacios-innovadores-para-el-aprendizaje\\\/#primaryimage\"},\"thumbnailUrl\":\"https:\\\/\\\/ciie.itesm.mx\\\/wp-content\\\/uploads\\\/2016\\\/10\\\/Conferencias_Rosen-Bosch.jpg\",\"articleSection\":[\"Conferencistas2016\"],\"inLanguage\":\"es\",\"potentialAction\":[{\"@type\":\"CommentAction\",\"name\":\"Comment\",\"target\":[\"https:\\\/\\\/ciie.itesm.mx\\\/en\\\/espanol-rosan-bosch-artista-holandesa-especialista-en-diseno-y-desarrollo-de-espacios-innovadores-para-el-aprendizaje\\\/#respond\"]}]},{\"@type\":\"WebPage\",\"@id\":\"https:\\\/\\\/ciie.itesm.mx\\\/en\\\/espanol-rosan-bosch-artista-holandesa-especialista-en-diseno-y-desarrollo-de-espacios-innovadores-para-el-aprendizaje\\\/\",\"url\":\"https:\\\/\\\/ciie.itesm.mx\\\/en\\\/espanol-rosan-bosch-artista-holandesa-especialista-en-diseno-y-desarrollo-de-espacios-innovadores-para-el-aprendizaje\\\/\",\"name\":\"Rosan Bosch, Artista holandesa, especialista en dise\u00f1o y desarrollo de espacios innovadores para el aprendizaje - IFE Conferece\",\"isPartOf\":{\"@id\":\"https:\\\/\\\/ciie.itesm.mx\\\/en\\\/#website\"},\"primaryImageOfPage\":{\"@id\":\"https:\\\/\\\/ciie.itesm.mx\\\/en\\\/espanol-rosan-bosch-artista-holandesa-especialista-en-diseno-y-desarrollo-de-espacios-innovadores-para-el-aprendizaje\\\/#primaryimage\"},\"image\":{\"@id\":\"https:\\\/\\\/ciie.itesm.mx\\\/en\\\/espanol-rosan-bosch-artista-holandesa-especialista-en-diseno-y-desarrollo-de-espacios-innovadores-para-el-aprendizaje\\\/#primaryimage\"},\"thumbnailUrl\":\"https:\\\/\\\/ciie.itesm.mx\\\/wp-content\\\/uploads\\\/2016\\\/10\\\/Conferencias_Rosen-Bosch.jpg\",\"datePublished\":\"2016-10-18T22:45:20+00:00\",\"dateModified\":\"2016-10-21T17:33:25+00:00\",\"author\":{\"@id\":\"https:\\\/\\\/ciie.itesm.mx\\\/en\\\/#\\\/schema\\\/person\\\/d4ea9c68050c82e9d36a519490d1143e\"},\"breadcrumb\":{\"@id\":\"https:\\\/\\\/ciie.itesm.mx\\\/en\\\/espanol-rosan-bosch-artista-holandesa-especialista-en-diseno-y-desarrollo-de-espacios-innovadores-para-el-aprendizaje\\\/#breadcrumb\"},\"inLanguage\":\"es\",\"potentialAction\":[{\"@type\":\"ReadAction\",\"target\":[\"https:\\\/\\\/ciie.itesm.mx\\\/en\\\/espanol-rosan-bosch-artista-holandesa-especialista-en-diseno-y-desarrollo-de-espacios-innovadores-para-el-aprendizaje\\\/\"]}]},{\"@type\":\"ImageObject\",\"inLanguage\":\"es\",\"@id\":\"https:\\\/\\\/ciie.itesm.mx\\\/en\\\/espanol-rosan-bosch-artista-holandesa-especialista-en-diseno-y-desarrollo-de-espacios-innovadores-para-el-aprendizaje\\\/#primaryimage\",\"url\":\"https:\\\/\\\/ciie.itesm.mx\\\/wp-content\\\/uploads\\\/2016\\\/10\\\/Conferencias_Rosen-Bosch.jpg\",\"contentUrl\":\"https:\\\/\\\/ciie.itesm.mx\\\/wp-content\\\/uploads\\\/2016\\\/10\\\/Conferencias_Rosen-Bosch.jpg\",\"width\":1200,\"height\":700},{\"@type\":\"BreadcrumbList\",\"@id\":\"https:\\\/\\\/ciie.itesm.mx\\\/en\\\/espanol-rosan-bosch-artista-holandesa-especialista-en-diseno-y-desarrollo-de-espacios-innovadores-para-el-aprendizaje\\\/#breadcrumb\",\"itemListElement\":[{\"@type\":\"ListItem\",\"position\":1,\"name\":\"Portada\",\"item\":\"https:\\\/\\\/ciie.itesm.mx\\\/es\\\/\"},{\"@type\":\"ListItem\",\"position\":2,\"name\":\"(Espa\u00f1ol) Rosan Bosch, Artista holandesa, especialista en dise\u00f1o y desarrollo de espacios innovadores para el aprendizaje\"}]},{\"@type\":\"WebSite\",\"@id\":\"https:\\\/\\\/ciie.itesm.mx\\\/en\\\/#website\",\"url\":\"https:\\\/\\\/ciie.itesm.mx\\\/en\\\/\",\"name\":\"IFE Conference\",\"description\":\"IFE Conference, antes CIIE, del 28 al 30 de enero de 2025 en el Tecnol\u00f3gico de Monterrey, en Monterrey, M\u00e9xico\",\"potentialAction\":[{\"@type\":\"SearchAction\",\"target\":{\"@type\":\"EntryPoint\",\"urlTemplate\":\"https:\\\/\\\/ciie.itesm.mx\\\/en\\\/?s={search_term_string}\"},\"query-input\":{\"@type\":\"PropertyValueSpecification\",\"valueRequired\":true,\"valueName\":\"search_term_string\"}}],\"inLanguage\":\"es\"},{\"@type\":\"Person\",\"@id\":\"https:\\\/\\\/ciie.itesm.mx\\\/en\\\/#\\\/schema\\\/person\\\/d4ea9c68050c82e9d36a519490d1143e\",\"name\":\"Adminwpciie\",\"image\":{\"@type\":\"ImageObject\",\"inLanguage\":\"es\",\"@id\":\"https:\\\/\\\/secure.gravatar.com\\\/avatar\\\/67a8765a7f304877c84fc6bc9f8947aef520587e7dc8f4df4c71b060f2beb1e9?s=96&d=mm&r=g\",\"url\":\"https:\\\/\\\/secure.gravatar.com\\\/avatar\\\/67a8765a7f304877c84fc6bc9f8947aef520587e7dc8f4df4c71b060f2beb1e9?s=96&d=mm&r=g\",\"contentUrl\":\"https:\\\/\\\/secure.gravatar.com\\\/avatar\\\/67a8765a7f304877c84fc6bc9f8947aef520587e7dc8f4df4c71b060f2beb1e9?s=96&d=mm&r=g\",\"caption\":\"Adminwpciie\"},\"url\":\"https:\\\/\\\/ciie.itesm.mx\\\/es\\\/author\\\/adminwpciie\\\/\"}]}<\/script>\n<!-- \/ Yoast SEO plugin. -->","yoast_head_json":{"title":"Rosan Bosch, Artista holandesa, especialista en dise\u00f1o y desarrollo de espacios innovadores para el aprendizaje - IFE Conferece","robots":{"index":"index","follow":"follow","max-snippet":"max-snippet:-1","max-image-preview":"max-image-preview:large","max-video-preview":"max-video-preview:-1"},"canonical":"https:\/\/ciie.itesm.mx\/en\/espanol-rosan-bosch-artista-holandesa-especialista-en-diseno-y-desarrollo-de-espacios-innovadores-para-el-aprendizaje\/","og_locale":"es_ES","og_type":"article","og_title":"Rosan Bosch, Artista holandesa, especialista en dise\u00f1o y desarrollo de espacios innovadores para el aprendizaje - IFE Conferece","og_description":"Rosan Bosch Studio fue fundado por Rosan Bosch, quien ha dedicado su labor profesional al arte, el dise\u00f1o y la arquitectura durante m\u00e1s de veinte a\u00f1os. A trav\u00e9s de proyectos interdisciplinares, Rosan Bosch utiliza su creatividad como una herramienta para el cambio","og_url":"https:\/\/ciie.itesm.mx\/en\/espanol-rosan-bosch-artista-holandesa-especialista-en-diseno-y-desarrollo-de-espacios-innovadores-para-el-aprendizaje\/","og_site_name":"IFE Conferece","article_published_time":"2016-10-18T22:45:20+00:00","article_modified_time":"2016-10-21T17:33:25+00:00","og_image":[{"width":1200,"height":700,"url":"https:\/\/ciie.itesm.mx\/wp-content\/uploads\/2016\/10\/Conferencias_Rosen-Bosch.jpg","type":"image\/jpeg"}],"author":"Adminwpciie","twitter_card":"summary_large_image","twitter_misc":{"Escrito por":"Adminwpciie","Tiempo de lectura":"1 minuto"},"schema":{"@context":"https:\/\/schema.org","@graph":[{"@type":"Article","@id":"https:\/\/ciie.itesm.mx\/en\/espanol-rosan-bosch-artista-holandesa-especialista-en-diseno-y-desarrollo-de-espacios-innovadores-para-el-aprendizaje\/#article","isPartOf":{"@id":"https:\/\/ciie.itesm.mx\/en\/espanol-rosan-bosch-artista-holandesa-especialista-en-diseno-y-desarrollo-de-espacios-innovadores-para-el-aprendizaje\/"},"author":{"name":"Adminwpciie","@id":"https:\/\/ciie.itesm.mx\/en\/#\/schema\/person\/d4ea9c68050c82e9d36a519490d1143e"},"headline":"Rosan Bosch, Artista holandesa, especialista en dise\u00f1o y desarrollo de espacios innovadores para el aprendizaje","datePublished":"2016-10-18T22:45:20+00:00","dateModified":"2016-10-21T17:33:25+00:00","mainEntityOfPage":{"@id":"https:\/\/ciie.itesm.mx\/en\/espanol-rosan-bosch-artista-holandesa-especialista-en-diseno-y-desarrollo-de-espacios-innovadores-para-el-aprendizaje\/"},"wordCount":157,"commentCount":1,"image":{"@id":"https:\/\/ciie.itesm.mx\/en\/espanol-rosan-bosch-artista-holandesa-especialista-en-diseno-y-desarrollo-de-espacios-innovadores-para-el-aprendizaje\/#primaryimage"},"thumbnailUrl":"https:\/\/ciie.itesm.mx\/wp-content\/uploads\/2016\/10\/Conferencias_Rosen-Bosch.jpg","articleSection":["Conferencistas2016"],"inLanguage":"es","potentialAction":[{"@type":"CommentAction","name":"Comment","target":["https:\/\/ciie.itesm.mx\/en\/espanol-rosan-bosch-artista-holandesa-especialista-en-diseno-y-desarrollo-de-espacios-innovadores-para-el-aprendizaje\/#respond"]}]},{"@type":"WebPage","@id":"https:\/\/ciie.itesm.mx\/en\/espanol-rosan-bosch-artista-holandesa-especialista-en-diseno-y-desarrollo-de-espacios-innovadores-para-el-aprendizaje\/","url":"https:\/\/ciie.itesm.mx\/en\/espanol-rosan-bosch-artista-holandesa-especialista-en-diseno-y-desarrollo-de-espacios-innovadores-para-el-aprendizaje\/","name":"Rosan Bosch, Artista holandesa, especialista en dise\u00f1o y desarrollo de espacios innovadores para el aprendizaje - IFE Conferece","isPartOf":{"@id":"https:\/\/ciie.itesm.mx\/en\/#website"},"primaryImageOfPage":{"@id":"https:\/\/ciie.itesm.mx\/en\/espanol-rosan-bosch-artista-holandesa-especialista-en-diseno-y-desarrollo-de-espacios-innovadores-para-el-aprendizaje\/#primaryimage"},"image":{"@id":"https:\/\/ciie.itesm.mx\/en\/espanol-rosan-bosch-artista-holandesa-especialista-en-diseno-y-desarrollo-de-espacios-innovadores-para-el-aprendizaje\/#primaryimage"},"thumbnailUrl":"https:\/\/ciie.itesm.mx\/wp-content\/uploads\/2016\/10\/Conferencias_Rosen-Bosch.jpg","datePublished":"2016-10-18T22:45:20+00:00","dateModified":"2016-10-21T17:33:25+00:00","author":{"@id":"https:\/\/ciie.itesm.mx\/en\/#\/schema\/person\/d4ea9c68050c82e9d36a519490d1143e"},"breadcrumb":{"@id":"https:\/\/ciie.itesm.mx\/en\/espanol-rosan-bosch-artista-holandesa-especialista-en-diseno-y-desarrollo-de-espacios-innovadores-para-el-aprendizaje\/#breadcrumb"},"inLanguage":"es","potentialAction":[{"@type":"ReadAction","target":["https:\/\/ciie.itesm.mx\/en\/espanol-rosan-bosch-artista-holandesa-especialista-en-diseno-y-desarrollo-de-espacios-innovadores-para-el-aprendizaje\/"]}]},{"@type":"ImageObject","inLanguage":"es","@id":"https:\/\/ciie.itesm.mx\/en\/espanol-rosan-bosch-artista-holandesa-especialista-en-diseno-y-desarrollo-de-espacios-innovadores-para-el-aprendizaje\/#primaryimage","url":"https:\/\/ciie.itesm.mx\/wp-content\/uploads\/2016\/10\/Conferencias_Rosen-Bosch.jpg","contentUrl":"https:\/\/ciie.itesm.mx\/wp-content\/uploads\/2016\/10\/Conferencias_Rosen-Bosch.jpg","width":1200,"height":700},{"@type":"BreadcrumbList","@id":"https:\/\/ciie.itesm.mx\/en\/espanol-rosan-bosch-artista-holandesa-especialista-en-diseno-y-desarrollo-de-espacios-innovadores-para-el-aprendizaje\/#breadcrumb","itemListElement":[{"@type":"ListItem","position":1,"name":"Portada","item":"https:\/\/ciie.itesm.mx\/es\/"},{"@type":"ListItem","position":2,"name":"(Espa\u00f1ol) Rosan Bosch, Artista holandesa, especialista en dise\u00f1o y desarrollo de espacios innovadores para el aprendizaje"}]},{"@type":"WebSite","@id":"https:\/\/ciie.itesm.mx\/en\/#website","url":"https:\/\/ciie.itesm.mx\/en\/","name":"IFE Conference","description":"IFE Conference, antes CIIE, del 28 al 30 de enero de 2025 en el Tecnol\u00f3gico de Monterrey, en Monterrey, M\u00e9xico","potentialAction":[{"@type":"SearchAction","target":{"@type":"EntryPoint","urlTemplate":"https:\/\/ciie.itesm.mx\/en\/?s={search_term_string}"},"query-input":{"@type":"PropertyValueSpecification","valueRequired":true,"valueName":"search_term_string"}}],"inLanguage":"es"},{"@type":"Person","@id":"https:\/\/ciie.itesm.mx\/en\/#\/schema\/person\/d4ea9c68050c82e9d36a519490d1143e","name":"Adminwpciie","image":{"@type":"ImageObject","inLanguage":"es","@id":"https:\/\/secure.gravatar.com\/avatar\/67a8765a7f304877c84fc6bc9f8947aef520587e7dc8f4df4c71b060f2beb1e9?s=96&d=mm&r=g","url":"https:\/\/secure.gravatar.com\/avatar\/67a8765a7f304877c84fc6bc9f8947aef520587e7dc8f4df4c71b060f2beb1e9?s=96&d=mm&r=g","contentUrl":"https:\/\/secure.gravatar.com\/avatar\/67a8765a7f304877c84fc6bc9f8947aef520587e7dc8f4df4c71b060f2beb1e9?s=96&d=mm&r=g","caption":"Adminwpciie"},"url":"https:\/\/ciie.itesm.mx\/es\/author\/adminwpciie\/"}]}},"_links":{"self":[{"href":"https:\/\/ciie.itesm.mx\/es\/wp-json\/wp\/v2\/posts\/4231","targetHints":{"allow":["GET"]}}],"collection":[{"href":"https:\/\/ciie.itesm.mx\/es\/wp-json\/wp\/v2\/posts"}],"about":[{"href":"https:\/\/ciie.itesm.mx\/es\/wp-json\/wp\/v2\/types\/post"}],"author":[{"embeddable":true,"href":"https:\/\/ciie.itesm.mx\/es\/wp-json\/wp\/v2\/users\/1"}],"replies":[{"embeddable":true,"href":"https:\/\/ciie.itesm.mx\/es\/wp-json\/wp\/v2\/comments?post=4231"}],"version-history":[{"count":0,"href":"https:\/\/ciie.itesm.mx\/es\/wp-json\/wp\/v2\/posts\/4231\/revisions"}],"wp:featuredmedia":[{"embeddable":true,"href":"https:\/\/ciie.itesm.mx\/es\/wp-json\/wp\/v2\/media\/4227"}],"wp:attachment":[{"href":"https:\/\/ciie.itesm.mx\/es\/wp-json\/wp\/v2\/media?parent=4231"}],"wp:term":[{"taxonomy":"category","embeddable":true,"href":"https:\/\/ciie.itesm.mx\/es\/wp-json\/wp\/v2\/categories?post=4231"},{"taxonomy":"post_tag","embeddable":true,"href":"https:\/\/ciie.itesm.mx\/es\/wp-json\/wp\/v2\/tags?post=4231"}],"curies":[{"name":"wp","href":"https:\/\/api.w.org\/{rel}","templated":true}]}}