{"id":4245,"date":"2016-10-18T23:00:11","date_gmt":"2016-10-18T23:00:11","guid":{"rendered":"https:\/\/ciie.itesm.mx\/es\/?p=4245"},"modified":"2016-10-21T17:35:06","modified_gmt":"2016-10-21T17:35:06","slug":"vicente-atxa-rector-de-mondragon-unibertsitatea","status":"publish","type":"post","link":"https:\/\/ciie.itesm.mx\/es\/vicente-atxa-rector-de-mondragon-unibertsitatea\/","title":{"rendered":"Vicente Atxa, Rector de Mondragon Unibertsitatea"},"content":{"rendered":"<p><\/p>\n<h4><span style=\"font-weight: 400;\">Desde el 2015, Vicente Atxa es Rector de Mondragon Unibertsitatea, instituci\u00f3n emanada del modelo de cooperativas del Pa\u00eds Vasco, destacada por su modelo formativo basado en competencias y por la vinculaci\u00f3n con empresas e instituciones que le permite perfilar su oferta educativa, enfoc\u00e1ndose a las necesidades de las mismas, adem\u00e1s de garantizar la accesibilidad social, la compaginaci\u00f3n del estudio y el trabajo, el desarrollo de la investigaci\u00f3n y la formaci\u00f3n continua.<\/span><\/h4>\n<h4><span style=\"font-weight: 400;\">Anterior a su labor como Rector de Mondragon Unibertsitatea, Atxa se desempe\u00f1\u00f3 como t\u00e9cnico de I+D en Ulma Packaging (Espa\u00f1a) y en Rofin Sinar Laser (Hamburgo, Alemania). Posteriormente, fue Profesor de Comunicaciones en Staffordshire University en el Reino Unido. En 1993 se incorpor\u00f3 como profesor al Departamento de Electr\u00f3nica de la Escuela Polit\u00e9cnica Superior de Mondragon Unibertsitatea, donde su labor se centr\u00f3 en la docencia y participaci\u00f3n en proyectos de investigaci\u00f3n e innovaci\u00f3n tecnol\u00f3gica, posteriormente, en el 2007, Atxa fue nombrado Director General de la misma Escuela.<\/span><\/h4>\n<h4><span style=\"font-weight: 400;\">Vicente Atxa es Ingeniero T\u00e9cnico en Electr\u00f3nica por la Escuela Polit\u00e9cnica Superior de Mondragon e Ingeniero Superior en Electr\u00f3nica por la Escuela de Ingenier\u00eda La Salle de la Universidad Ram\u00f3n Llull de Barcelona, adem\u00e1s, cuenta con un Doctorado en Electr\u00f3nica y Comunicaciones por la Staffordshire University del Reino Unido y un Master en Executive MBA por Mondragon Unibertsitatea.<\/span><\/h4>\n<p><\/p>","protected":false},"excerpt":{"rendered":"<p>Desde el 2015, Vicente Atxa es Rector de Mondragon Unibertsitatea, instituci\u00f3n emanada del modelo de cooperativas del Pa\u00eds Vasco, destacada por su modelo formativo basado en competencias y por la vinculaci\u00f3n con empresas e instituciones que le permite perfilar su oferta educativa,<\/p>\n","protected":false},"author":1,"featured_media":4221,"comment_status":"open","ping_status":"open","sticky":false,"template":"","format":"standard","meta":{"footnotes":""},"categories":[77],"tags":[],"class_list":["post-4245","post","type-post","status-publish","format-standard","has-post-thumbnail","hentry","category-conferencistas2016"],"yoast_head":"<!-- This site is optimized with the Yoast SEO plugin v27.5 - https:\/\/yoast.com\/product\/yoast-seo-wordpress\/ -->\n<title>Vicente Atxa, Rector de Mondragon Unibertsitatea - IFE Conferece<\/title>\n<meta name=\"robots\" content=\"index, follow, max-snippet:-1, max-image-preview:large, max-video-preview:-1\" \/>\n<link rel=\"canonical\" href=\"https:\/\/ciie.itesm.mx\/en\/espanol-vicente-atxa-rector-de-mondragon-unibertsitatea\/\" \/>\n<meta property=\"og:locale\" content=\"es_ES\" \/>\n<meta property=\"og:type\" content=\"article\" \/>\n<meta property=\"og:title\" content=\"Vicente Atxa, Rector de Mondragon Unibertsitatea - IFE Conferece\" \/>\n<meta property=\"og:description\" content=\"Desde el 2015, Vicente Atxa es Rector de Mondragon Unibertsitatea, instituci\u00f3n emanada del modelo de cooperativas del Pa\u00eds Vasco, destacada por su modelo formativo basado en competencias y por la vinculaci\u00f3n con empresas e instituciones que le permite perfilar su oferta educativa,\" \/>\n<meta property=\"og:url\" content=\"https:\/\/ciie.itesm.mx\/en\/espanol-vicente-atxa-rector-de-mondragon-unibertsitatea\/\" \/>\n<meta property=\"og:site_name\" content=\"IFE Conferece\" \/>\n<meta property=\"article:published_time\" content=\"2016-10-18T23:00:11+00:00\" \/>\n<meta property=\"article:modified_time\" content=\"2016-10-21T17:35:06+00:00\" \/>\n<meta property=\"og:image\" content=\"https:\/\/ciie.itesm.mx\/wp-content\/uploads\/2016\/10\/Conferencias_Atxa.jpg\" \/>\n\t<meta property=\"og:image:width\" content=\"1200\" \/>\n\t<meta property=\"og:image:height\" content=\"700\" \/>\n\t<meta property=\"og:image:type\" content=\"image\/jpeg\" \/>\n<meta name=\"author\" content=\"Adminwpciie\" \/>\n<meta name=\"twitter:card\" content=\"summary_large_image\" \/>\n<meta name=\"twitter:label1\" content=\"Escrito por\" \/>\n\t<meta name=\"twitter:data1\" content=\"Adminwpciie\" \/>\n\t<meta name=\"twitter:label2\" content=\"Tiempo de lectura\" \/>\n\t<meta name=\"twitter:data2\" content=\"1 minuto\" \/>\n<script type=\"application\/ld+json\" class=\"yoast-schema-graph\">{\"@context\":\"https:\\\/\\\/schema.org\",\"@graph\":[{\"@type\":\"Article\",\"@id\":\"https:\\\/\\\/ciie.itesm.mx\\\/en\\\/espanol-vicente-atxa-rector-de-mondragon-unibertsitatea\\\/#article\",\"isPartOf\":{\"@id\":\"https:\\\/\\\/ciie.itesm.mx\\\/en\\\/espanol-vicente-atxa-rector-de-mondragon-unibertsitatea\\\/\"},\"author\":{\"name\":\"Adminwpciie\",\"@id\":\"https:\\\/\\\/ciie.itesm.mx\\\/en\\\/#\\\/schema\\\/person\\\/d4ea9c68050c82e9d36a519490d1143e\"},\"headline\":\"Vicente Atxa, Rector de Mondragon Unibertsitatea\",\"datePublished\":\"2016-10-18T23:00:11+00:00\",\"dateModified\":\"2016-10-21T17:35:06+00:00\",\"mainEntityOfPage\":{\"@id\":\"https:\\\/\\\/ciie.itesm.mx\\\/en\\\/espanol-vicente-atxa-rector-de-mondragon-unibertsitatea\\\/\"},\"wordCount\":246,\"commentCount\":0,\"image\":{\"@id\":\"https:\\\/\\\/ciie.itesm.mx\\\/en\\\/espanol-vicente-atxa-rector-de-mondragon-unibertsitatea\\\/#primaryimage\"},\"thumbnailUrl\":\"https:\\\/\\\/ciie.itesm.mx\\\/wp-content\\\/uploads\\\/2016\\\/10\\\/Conferencias_Atxa.jpg\",\"articleSection\":[\"Conferencistas2016\"],\"inLanguage\":\"es\",\"potentialAction\":[{\"@type\":\"CommentAction\",\"name\":\"Comment\",\"target\":[\"https:\\\/\\\/ciie.itesm.mx\\\/en\\\/espanol-vicente-atxa-rector-de-mondragon-unibertsitatea\\\/#respond\"]}]},{\"@type\":\"WebPage\",\"@id\":\"https:\\\/\\\/ciie.itesm.mx\\\/en\\\/espanol-vicente-atxa-rector-de-mondragon-unibertsitatea\\\/\",\"url\":\"https:\\\/\\\/ciie.itesm.mx\\\/en\\\/espanol-vicente-atxa-rector-de-mondragon-unibertsitatea\\\/\",\"name\":\"Vicente Atxa, Rector de Mondragon Unibertsitatea - IFE Conferece\",\"isPartOf\":{\"@id\":\"https:\\\/\\\/ciie.itesm.mx\\\/en\\\/#website\"},\"primaryImageOfPage\":{\"@id\":\"https:\\\/\\\/ciie.itesm.mx\\\/en\\\/espanol-vicente-atxa-rector-de-mondragon-unibertsitatea\\\/#primaryimage\"},\"image\":{\"@id\":\"https:\\\/\\\/ciie.itesm.mx\\\/en\\\/espanol-vicente-atxa-rector-de-mondragon-unibertsitatea\\\/#primaryimage\"},\"thumbnailUrl\":\"https:\\\/\\\/ciie.itesm.mx\\\/wp-content\\\/uploads\\\/2016\\\/10\\\/Conferencias_Atxa.jpg\",\"datePublished\":\"2016-10-18T23:00:11+00:00\",\"dateModified\":\"2016-10-21T17:35:06+00:00\",\"author\":{\"@id\":\"https:\\\/\\\/ciie.itesm.mx\\\/en\\\/#\\\/schema\\\/person\\\/d4ea9c68050c82e9d36a519490d1143e\"},\"breadcrumb\":{\"@id\":\"https:\\\/\\\/ciie.itesm.mx\\\/en\\\/espanol-vicente-atxa-rector-de-mondragon-unibertsitatea\\\/#breadcrumb\"},\"inLanguage\":\"es\",\"potentialAction\":[{\"@type\":\"ReadAction\",\"target\":[\"https:\\\/\\\/ciie.itesm.mx\\\/en\\\/espanol-vicente-atxa-rector-de-mondragon-unibertsitatea\\\/\"]}]},{\"@type\":\"ImageObject\",\"inLanguage\":\"es\",\"@id\":\"https:\\\/\\\/ciie.itesm.mx\\\/en\\\/espanol-vicente-atxa-rector-de-mondragon-unibertsitatea\\\/#primaryimage\",\"url\":\"https:\\\/\\\/ciie.itesm.mx\\\/wp-content\\\/uploads\\\/2016\\\/10\\\/Conferencias_Atxa.jpg\",\"contentUrl\":\"https:\\\/\\\/ciie.itesm.mx\\\/wp-content\\\/uploads\\\/2016\\\/10\\\/Conferencias_Atxa.jpg\",\"width\":1200,\"height\":700},{\"@type\":\"BreadcrumbList\",\"@id\":\"https:\\\/\\\/ciie.itesm.mx\\\/en\\\/espanol-vicente-atxa-rector-de-mondragon-unibertsitatea\\\/#breadcrumb\",\"itemListElement\":[{\"@type\":\"ListItem\",\"position\":1,\"name\":\"Portada\",\"item\":\"https:\\\/\\\/ciie.itesm.mx\\\/es\\\/\"},{\"@type\":\"ListItem\",\"position\":2,\"name\":\"(Espa\u00f1ol) Vicente Atxa, Rector de Mondragon Unibertsitatea\"}]},{\"@type\":\"WebSite\",\"@id\":\"https:\\\/\\\/ciie.itesm.mx\\\/en\\\/#website\",\"url\":\"https:\\\/\\\/ciie.itesm.mx\\\/en\\\/\",\"name\":\"IFE Conference\",\"description\":\"IFE Conference, antes CIIE, del 28 al 30 de enero de 2025 en el Tecnol\u00f3gico de Monterrey, en Monterrey, M\u00e9xico\",\"potentialAction\":[{\"@type\":\"SearchAction\",\"target\":{\"@type\":\"EntryPoint\",\"urlTemplate\":\"https:\\\/\\\/ciie.itesm.mx\\\/en\\\/?s={search_term_string}\"},\"query-input\":{\"@type\":\"PropertyValueSpecification\",\"valueRequired\":true,\"valueName\":\"search_term_string\"}}],\"inLanguage\":\"es\"},{\"@type\":\"Person\",\"@id\":\"https:\\\/\\\/ciie.itesm.mx\\\/en\\\/#\\\/schema\\\/person\\\/d4ea9c68050c82e9d36a519490d1143e\",\"name\":\"Adminwpciie\",\"image\":{\"@type\":\"ImageObject\",\"inLanguage\":\"es\",\"@id\":\"https:\\\/\\\/secure.gravatar.com\\\/avatar\\\/67a8765a7f304877c84fc6bc9f8947aef520587e7dc8f4df4c71b060f2beb1e9?s=96&d=mm&r=g\",\"url\":\"https:\\\/\\\/secure.gravatar.com\\\/avatar\\\/67a8765a7f304877c84fc6bc9f8947aef520587e7dc8f4df4c71b060f2beb1e9?s=96&d=mm&r=g\",\"contentUrl\":\"https:\\\/\\\/secure.gravatar.com\\\/avatar\\\/67a8765a7f304877c84fc6bc9f8947aef520587e7dc8f4df4c71b060f2beb1e9?s=96&d=mm&r=g\",\"caption\":\"Adminwpciie\"},\"url\":\"https:\\\/\\\/ciie.itesm.mx\\\/es\\\/author\\\/adminwpciie\\\/\"}]}<\/script>\n<!-- \/ Yoast SEO plugin. -->","yoast_head_json":{"title":"Vicente Atxa, Rector de Mondragon Unibertsitatea - IFE Conferece","robots":{"index":"index","follow":"follow","max-snippet":"max-snippet:-1","max-image-preview":"max-image-preview:large","max-video-preview":"max-video-preview:-1"},"canonical":"https:\/\/ciie.itesm.mx\/en\/espanol-vicente-atxa-rector-de-mondragon-unibertsitatea\/","og_locale":"es_ES","og_type":"article","og_title":"Vicente Atxa, Rector de Mondragon Unibertsitatea - IFE Conferece","og_description":"Desde el 2015, Vicente Atxa es Rector de Mondragon Unibertsitatea, instituci\u00f3n emanada del modelo de cooperativas del Pa\u00eds Vasco, destacada por su modelo formativo basado en competencias y por la vinculaci\u00f3n con empresas e instituciones que le permite perfilar su oferta educativa,","og_url":"https:\/\/ciie.itesm.mx\/en\/espanol-vicente-atxa-rector-de-mondragon-unibertsitatea\/","og_site_name":"IFE Conferece","article_published_time":"2016-10-18T23:00:11+00:00","article_modified_time":"2016-10-21T17:35:06+00:00","og_image":[{"width":1200,"height":700,"url":"https:\/\/ciie.itesm.mx\/wp-content\/uploads\/2016\/10\/Conferencias_Atxa.jpg","type":"image\/jpeg"}],"author":"Adminwpciie","twitter_card":"summary_large_image","twitter_misc":{"Escrito por":"Adminwpciie","Tiempo de lectura":"1 minuto"},"schema":{"@context":"https:\/\/schema.org","@graph":[{"@type":"Article","@id":"https:\/\/ciie.itesm.mx\/en\/espanol-vicente-atxa-rector-de-mondragon-unibertsitatea\/#article","isPartOf":{"@id":"https:\/\/ciie.itesm.mx\/en\/espanol-vicente-atxa-rector-de-mondragon-unibertsitatea\/"},"author":{"name":"Adminwpciie","@id":"https:\/\/ciie.itesm.mx\/en\/#\/schema\/person\/d4ea9c68050c82e9d36a519490d1143e"},"headline":"Vicente Atxa, Rector de Mondragon Unibertsitatea","datePublished":"2016-10-18T23:00:11+00:00","dateModified":"2016-10-21T17:35:06+00:00","mainEntityOfPage":{"@id":"https:\/\/ciie.itesm.mx\/en\/espanol-vicente-atxa-rector-de-mondragon-unibertsitatea\/"},"wordCount":246,"commentCount":0,"image":{"@id":"https:\/\/ciie.itesm.mx\/en\/espanol-vicente-atxa-rector-de-mondragon-unibertsitatea\/#primaryimage"},"thumbnailUrl":"https:\/\/ciie.itesm.mx\/wp-content\/uploads\/2016\/10\/Conferencias_Atxa.jpg","articleSection":["Conferencistas2016"],"inLanguage":"es","potentialAction":[{"@type":"CommentAction","name":"Comment","target":["https:\/\/ciie.itesm.mx\/en\/espanol-vicente-atxa-rector-de-mondragon-unibertsitatea\/#respond"]}]},{"@type":"WebPage","@id":"https:\/\/ciie.itesm.mx\/en\/espanol-vicente-atxa-rector-de-mondragon-unibertsitatea\/","url":"https:\/\/ciie.itesm.mx\/en\/espanol-vicente-atxa-rector-de-mondragon-unibertsitatea\/","name":"Vicente Atxa, Rector de Mondragon Unibertsitatea - IFE Conferece","isPartOf":{"@id":"https:\/\/ciie.itesm.mx\/en\/#website"},"primaryImageOfPage":{"@id":"https:\/\/ciie.itesm.mx\/en\/espanol-vicente-atxa-rector-de-mondragon-unibertsitatea\/#primaryimage"},"image":{"@id":"https:\/\/ciie.itesm.mx\/en\/espanol-vicente-atxa-rector-de-mondragon-unibertsitatea\/#primaryimage"},"thumbnailUrl":"https:\/\/ciie.itesm.mx\/wp-content\/uploads\/2016\/10\/Conferencias_Atxa.jpg","datePublished":"2016-10-18T23:00:11+00:00","dateModified":"2016-10-21T17:35:06+00:00","author":{"@id":"https:\/\/ciie.itesm.mx\/en\/#\/schema\/person\/d4ea9c68050c82e9d36a519490d1143e"},"breadcrumb":{"@id":"https:\/\/ciie.itesm.mx\/en\/espanol-vicente-atxa-rector-de-mondragon-unibertsitatea\/#breadcrumb"},"inLanguage":"es","potentialAction":[{"@type":"ReadAction","target":["https:\/\/ciie.itesm.mx\/en\/espanol-vicente-atxa-rector-de-mondragon-unibertsitatea\/"]}]},{"@type":"ImageObject","inLanguage":"es","@id":"https:\/\/ciie.itesm.mx\/en\/espanol-vicente-atxa-rector-de-mondragon-unibertsitatea\/#primaryimage","url":"https:\/\/ciie.itesm.mx\/wp-content\/uploads\/2016\/10\/Conferencias_Atxa.jpg","contentUrl":"https:\/\/ciie.itesm.mx\/wp-content\/uploads\/2016\/10\/Conferencias_Atxa.jpg","width":1200,"height":700},{"@type":"BreadcrumbList","@id":"https:\/\/ciie.itesm.mx\/en\/espanol-vicente-atxa-rector-de-mondragon-unibertsitatea\/#breadcrumb","itemListElement":[{"@type":"ListItem","position":1,"name":"Portada","item":"https:\/\/ciie.itesm.mx\/es\/"},{"@type":"ListItem","position":2,"name":"(Espa\u00f1ol) Vicente Atxa, Rector de Mondragon Unibertsitatea"}]},{"@type":"WebSite","@id":"https:\/\/ciie.itesm.mx\/en\/#website","url":"https:\/\/ciie.itesm.mx\/en\/","name":"IFE Conference","description":"IFE Conference, antes CIIE, del 28 al 30 de enero de 2025 en el Tecnol\u00f3gico de Monterrey, en Monterrey, M\u00e9xico","potentialAction":[{"@type":"SearchAction","target":{"@type":"EntryPoint","urlTemplate":"https:\/\/ciie.itesm.mx\/en\/?s={search_term_string}"},"query-input":{"@type":"PropertyValueSpecification","valueRequired":true,"valueName":"search_term_string"}}],"inLanguage":"es"},{"@type":"Person","@id":"https:\/\/ciie.itesm.mx\/en\/#\/schema\/person\/d4ea9c68050c82e9d36a519490d1143e","name":"Adminwpciie","image":{"@type":"ImageObject","inLanguage":"es","@id":"https:\/\/secure.gravatar.com\/avatar\/67a8765a7f304877c84fc6bc9f8947aef520587e7dc8f4df4c71b060f2beb1e9?s=96&d=mm&r=g","url":"https:\/\/secure.gravatar.com\/avatar\/67a8765a7f304877c84fc6bc9f8947aef520587e7dc8f4df4c71b060f2beb1e9?s=96&d=mm&r=g","contentUrl":"https:\/\/secure.gravatar.com\/avatar\/67a8765a7f304877c84fc6bc9f8947aef520587e7dc8f4df4c71b060f2beb1e9?s=96&d=mm&r=g","caption":"Adminwpciie"},"url":"https:\/\/ciie.itesm.mx\/es\/author\/adminwpciie\/"}]}},"_links":{"self":[{"href":"https:\/\/ciie.itesm.mx\/es\/wp-json\/wp\/v2\/posts\/4245","targetHints":{"allow":["GET"]}}],"collection":[{"href":"https:\/\/ciie.itesm.mx\/es\/wp-json\/wp\/v2\/posts"}],"about":[{"href":"https:\/\/ciie.itesm.mx\/es\/wp-json\/wp\/v2\/types\/post"}],"author":[{"embeddable":true,"href":"https:\/\/ciie.itesm.mx\/es\/wp-json\/wp\/v2\/users\/1"}],"replies":[{"embeddable":true,"href":"https:\/\/ciie.itesm.mx\/es\/wp-json\/wp\/v2\/comments?post=4245"}],"version-history":[{"count":0,"href":"https:\/\/ciie.itesm.mx\/es\/wp-json\/wp\/v2\/posts\/4245\/revisions"}],"wp:featuredmedia":[{"embeddable":true,"href":"https:\/\/ciie.itesm.mx\/es\/wp-json\/wp\/v2\/media\/4221"}],"wp:attachment":[{"href":"https:\/\/ciie.itesm.mx\/es\/wp-json\/wp\/v2\/media?parent=4245"}],"wp:term":[{"taxonomy":"category","embeddable":true,"href":"https:\/\/ciie.itesm.mx\/es\/wp-json\/wp\/v2\/categories?post=4245"},{"taxonomy":"post_tag","embeddable":true,"href":"https:\/\/ciie.itesm.mx\/es\/wp-json\/wp\/v2\/tags?post=4245"}],"curies":[{"name":"wp","href":"https:\/\/api.w.org\/{rel}","templated":true}]}}